{"id":1458,"__str__":"Indica\u00e7\u00e3o n\u00ba 7 de 2019","link_detail_backend":"/materia/1458","metadata":{},"numero":7,"ano":2019,"numero_protocolo":null,"data_apresentacao":"2019-03-11","tipo_apresentacao":"E","data_publicacao":null,"numero_origem_externa":"","ano_origem_externa":null,"data_origem_externa":null,"apelido":"","dias_prazo":null,"data_fim_prazo":null,"em_tramitacao":false,"polemica":null,"objeto":"","complementar":null,"ementa":"Para que o Poder Executivo fa\u00e7a a constru\u00e7\u00e3o dos banheiros na Pra\u00e7a Antonio B\u00f3s Filho, pois aqueles que estavam ali foram desmanchados a mais de seis meses. A popula\u00e7\u00e3o est\u00e1 ansiosa para ver o projeto da arquiteta contratada para tal.","indexacao":"","observacao":"","resultado":"","texto_original":null,"data_ultima_atualizacao":"2019-07-10T14:51:45.120794-03:00","ip":"177.52.147.22","ultima_edicao":null,"tipo":8,"regime_tramitacao":1,"tipo_origem_externa":null,"local_origem_externa":null,"user":57,"anexadas":[],"autores":[148]}